{"id":381,"date":"2019-07-24T18:31:18","date_gmt":"2019-07-24T21:31:18","guid":{"rendered":"http:\/\/africaniasufrj.com.br\/?p=381"},"modified":"2019-09-18T07:29:34","modified_gmt":"2019-09-18T10:29:34","slug":"chamada-de-trabalhos-i-congresso-africanias-e-iii-jornada-africanias-ufrj-escrituraeoralidade","status":"publish","type":"post","link":"http:\/\/africaniasufrj.com.br\/index.php\/2019\/07\/24\/chamada-de-trabalhos-i-congresso-africanias-e-iii-jornada-africanias-ufrj-escrituraeoralidade\/","title":{"rendered":"Chamada de Trabalhos           I Congresso e III Jornada Africanias UFRJ \u201cEscritura\te Oralidade\u201d"},"content":{"rendered":"\n<p>O Grupo de Pesquisa Africanias UFRJ prop\u00f5e a compreens\u00e3o da presen\u00e7a africana nos diferentes g\u00eaneros da m\u00fasica brasileira, atrav\u00e9s do estudo sistem\u00e1tico, contando com a participa\u00e7\u00e3o de pesquisadores de diferentes \u00e1reas e institui\u00e7\u00f5es. Tal presen\u00e7a foi espargida, desde o s\u00e9culo XVI, per\u00edodo em que o modelo econ\u00f4mico adotado por Portugal em sua col\u00f4nia utilizou m\u00e3o de obra escrava, submetendo os povos locais, chamados por seus colonizadores genericamente de \u00edndios e povos africanos, trazidos sobretudo da \u00c1frica sub-saariana. <\/p>\n\n\n\n<p>O termo Africania foi assim explicitado por Yeda Pessoa de Castro: \u201cdesigna o legado lingu\u00edstico-cultural negroafricano \u2026 que se converteu em matrizes part\u00edcipes da constru\u00e7\u00e3o de um novo sistema cultural e lingu\u00edstico que, no Brasil, se identifica como brasileiro\u201d. Diversos povos africanos provenientes de diferentes etnias, l\u00ednguas e culturas, que aqui se encontraram, entoaram seus cantos e constru\u00edram seus instrumentos, manifestando sua presen\u00e7a em sons no novo mundo. Desde o s\u00e9culo XVI h\u00e1 documentos e relatos que apontam o encantamento provocado por esta cultura nos relatos dos viajantes. O encontro entre tais saberes e a m\u00fasica de origem europeia foi campo de interesse de diversos compositores, em diferentes g\u00eaneros e estilos musicais e possibilitou a composi\u00e7\u00e3o de amplo repert\u00f3rio onde podemos perceber o eco da presen\u00e7a africana. Entretanto, este repert\u00f3rio \u00e9 muitas vezes mal compreendido, em decorr\u00eancia da dificuldade de compreens\u00e3o do vocabul\u00e1rio e das tradi\u00e7\u00f5es africanas que o cercam.<\/p>\n\n\n\n<p>A partir da\u00ed, propomos para o I Congresso e III Jornada Africanias UFRJ o tema   \u201cEscritura e Oralidade\u201d abrindo essa discuss\u00e3o para os diversos campos da m\u00fasica, fomentando o encontro entre os pesquisadores, int\u00e9rpretes, discentes e a comunidade externa a partir da realiza\u00e7\u00e3o de palestras, mesas redondas, de comunica\u00e7\u00f5es cient\u00edficas e apresenta\u00e7\u00f5es art\u00edsticas.  <\/p>\n\n\n\n<div class=\"wp-block-button aligncenter\"><a class=\"wp-block-button__link has-background has-vivid-cyan-blue-background-color\" href=\"http:\/\/africaniasufrj.com.br\/wp-content\/uploads\/2019\/07\/chamada-Africanias-pdf.pdf\">Chamada de Trabalhos &#8211; Baixar<\/a><\/div>\n\n\n\n<p>Per\u00edodo de realiza\u00e7\u00e3o: 18, 19 e 20 de setembro de 2019 <\/p>\n\n\n\n<p>Per\u00edodo de inscri\u00e7\u00e3o: 25 a 5 de agosto de 2019. <\/p>\n\n\n\n<p>Divulga\u00e7\u00e3o do resultado 10 de agosto de 2019 <\/p>\n\n\n\n<p>Envio para o email africanias@musica.ufrj.br <\/p>\n\n\n","protected":false},"excerpt":{"rendered":"<p>O Grupo de Pesquisa Africanias UFRJ prop\u00f5e a compreens\u00e3o da presen\u00e7a africana nos diferentes g\u00eaneros da m\u00fasica brasileira, atrav\u00e9s do estudo sistem\u00e1tico, contando com a participa\u00e7\u00e3o de pesquisadores de diferentes \u00e1reas e institui\u00e7\u00f5es. Tal presen\u00e7a foi espargida, desde o s\u00e9culo XVI, per\u00edodo em que o modelo econ\u00f4mico adotado por Portugal em sua col\u00f4nia utilizou m\u00e3o&#8230;<\/p>\n<p class=\"more-link\"><a href=\"http:\/\/africaniasufrj.com.br\/index.php\/2019\/07\/24\/chamada-de-trabalhos-i-congresso-africanias-e-iii-jornada-africanias-ufrj-escrituraeoralidade\/\"><span>Read More<\/span><i>&#43;<\/i><\/a><\/p>\n","protected":false},"author":2,"featured_media":380,"comment_status":"open","ping_status":"open","sticky":false,"template":"","format":"standard","meta":{"footnotes":""},"categories":[27,26,25],"tags":[28,24,5],"_links":{"self":[{"href":"http:\/\/africaniasufrj.com.br\/index.php\/wp-json\/wp\/v2\/posts\/381"}],"collection":[{"href":"http:\/\/africaniasufrj.com.br\/index.php\/wp-json\/wp\/v2\/posts"}],"about":[{"href":"http:\/\/africaniasufrj.com.br\/index.php\/wp-json\/wp\/v2\/types\/post"}],"author":[{"embeddable":true,"href":"http:\/\/africaniasufrj.com.br\/index.php\/wp-json\/wp\/v2\/users\/2"}],"replies":[{"embeddable":true,"href":"http:\/\/africaniasufrj.com.br\/index.php\/wp-json\/wp\/v2\/comments?post=381"}],"version-history":[{"count":4,"href":"http:\/\/africaniasufrj.com.br\/index.php\/wp-json\/wp\/v2\/posts\/381\/revisions"}],"predecessor-version":[{"id":407,"href":"http:\/\/africaniasufrj.com.br\/index.php\/wp-json\/wp\/v2\/posts\/381\/revisions\/407"}],"wp:featuredmedia":[{"embeddable":true,"href":"http:\/\/africaniasufrj.com.br\/index.php\/wp-json\/wp\/v2\/media\/380"}],"wp:attachment":[{"href":"http:\/\/africaniasufrj.com.br\/index.php\/wp-json\/wp\/v2\/media?parent=381"}],"wp:term":[{"taxonomy":"category","embeddable":true,"href":"http:\/\/africaniasufrj.com.br\/index.php\/wp-json\/wp\/v2\/categories?post=381"},{"taxonomy":"post_tag","embeddable":true,"href":"http:\/\/africaniasufrj.com.br\/index.php\/wp-json\/wp\/v2\/tags?post=381"}],"curies":[{"name":"wp","href":"https:\/\/api.w.org\/{rel}","templated":true}]}}